{"id":850,"date":"2013-08-16T16:31:42","date_gmt":"2013-08-16T19:31:42","guid":{"rendered":"https:\/\/wk3.com.br\/blog\/?p=850"},"modified":"2013-08-16T16:31:42","modified_gmt":"2013-08-16T19:31:42","slug":"16-de-agosto-dia-do-filosofo","status":"publish","type":"post","link":"https:\/\/wk3.com.br\/blog\/16-de-agosto-dia-do-filosofo\/","title":{"rendered":"16 de Agosto &#8211; Dia do Fil\u00f3sofo \/ Filosofia"},"content":{"rendered":"<p><a href=\"https:\/\/wk3.com.br\/blog\/wp-content\/uploads\/2013\/08\/images-2.jpg\"><img fetchpriority=\"high\" decoding=\"async\" class=\"aligncenter size-full wp-image-851\" title=\"images (2)\" src=\"https:\/\/wk3.com.br\/blog\/wp-content\/uploads\/2013\/08\/images-2.jpg\" alt=\"\" width=\"241\" height=\"209\" \/><\/a>A figura do fil\u00f3sofo tem a sua import\u00e2ncia, ele reflete sobre todas as coisas cotidianas e essenciais. A Filosofia data do s\u00e9culo IV a.C., surgiu na Gr\u00e9cia Antiga, como uma atividade especial do homem s\u00e1bio, o amigo do saber (filo + sophia = amor \u00e0 sabedoria).<!--more--><\/p>\n<p>Desde ent\u00e3o, in\u00fameras foram as tentativas de definir exatamente o que procura e o que faz um fil\u00f3sofo. Apesar do reconhecimento, as opini\u00f5es s\u00e3o imprecisas e divergentes em rela\u00e7\u00e3o a determinar qual a sua verdadeira ci\u00eancia.<\/p>\n<p>A Filosofia estuda o conhecimento racional da natureza, do ser humano, do universo e suas transforma\u00e7\u00f5es. S\u00f3crates \u00e9 considerado o pai da filosofia. Dedicou sua vida ao ensino e conhecimento da virtude, visando libertar a consci\u00eancia da opini\u00e3o errada e da opini\u00e3o alheia, estimulando a descoberta por si mesmo da verdade. Outros fil\u00f3sofos como Plat\u00e3o (o qual foi disc\u00edpulo de S\u00f3crates e registrou suas id\u00e9ias), Arist\u00f3teles, Descartes, Marx e Kant tamb\u00e9m contribu\u00edram na constru\u00e7\u00e3o dos alicerces da Filosofia.<\/p>\n<p>Estudiosos de Filosofia contempor\u00e2neos falam que a humanidade vive um processo acelerado de mudan\u00e7a, o qual tem deixado o mundo sem mem\u00f3ria, onde as opini\u00f5es s\u00e3o consideradas m\u00f3veis e fr\u00e1geis. Discutir e pensar \u00e0 luz da Filosofia e sustentar firmemente uma l\u00f3gica de pensamento tornou-se um grande desafio nos tempos atuais.<\/p>\n<p>Feliz dia do Fil\u00f3sofo!<\/p>\n","protected":false},"excerpt":{"rendered":"<p>A figura do fil\u00f3sofo tem a sua import\u00e2ncia, ele reflete sobre todas as coisas cotidianas e essenciais. A Filosofia data do s\u00e9culo IV a.C., surgiu na Gr\u00e9cia Antiga, como uma atividade especial do homem s\u00e1bio, o amigo do saber (filo + sophia = amor \u00e0 sabedoria).<\/p>\n","protected":false},"author":3,"featured_media":0,"comment_status":"closed","ping_status":"closed","sticky":false,"template":"","format":"standard","meta":{"footnotes":""},"categories":[1],"tags":[],"class_list":["post-850","post","type-post","status-publish","format-standard","hentry","category-sem-categoria"],"_links":{"self":[{"href":"https:\/\/wk3.com.br\/blog\/wp-json\/wp\/v2\/posts\/850","targetHints":{"allow":["GET"]}}],"collection":[{"href":"https:\/\/wk3.com.br\/blog\/wp-json\/wp\/v2\/posts"}],"about":[{"href":"https:\/\/wk3.com.br\/blog\/wp-json\/wp\/v2\/types\/post"}],"author":[{"embeddable":true,"href":"https:\/\/wk3.com.br\/blog\/wp-json\/wp\/v2\/users\/3"}],"replies":[{"embeddable":true,"href":"https:\/\/wk3.com.br\/blog\/wp-json\/wp\/v2\/comments?post=850"}],"version-history":[{"count":0,"href":"https:\/\/wk3.com.br\/blog\/wp-json\/wp\/v2\/posts\/850\/revisions"}],"wp:attachment":[{"href":"https:\/\/wk3.com.br\/blog\/wp-json\/wp\/v2\/media?parent=850"}],"wp:term":[{"taxonomy":"category","embeddable":true,"href":"https:\/\/wk3.com.br\/blog\/wp-json\/wp\/v2\/categories?post=850"},{"taxonomy":"post_tag","embeddable":true,"href":"https:\/\/wk3.com.br\/blog\/wp-json\/wp\/v2\/tags?post=850"}],"curies":[{"name":"wp","href":"https:\/\/api.w.org\/{rel}","templated":true}]}}