{"id":776,"date":"2013-06-26T03:59:23","date_gmt":"2013-06-26T06:59:23","guid":{"rendered":"https:\/\/wk3.com.br\/blog\/?p=776"},"modified":"2013-06-26T03:59:23","modified_gmt":"2013-06-26T06:59:23","slug":"redes-sociais-ativas-nas-manifestacoes-em-todo-o-brasil","status":"publish","type":"post","link":"https:\/\/wk3.com.br\/blog\/redes-sociais-ativas-nas-manifestacoes-em-todo-o-brasil\/","title":{"rendered":"Redes sociais ativas nas manifesta\u00e7\u00f5es em todo o Brasil"},"content":{"rendered":"<p><a href=\"https:\/\/wk3.com.br\/blog\/wp-content\/uploads\/2013\/06\/images.jpg\"><img fetchpriority=\"high\" decoding=\"async\" class=\"aligncenter size-full wp-image-777\" title=\"images\" src=\"https:\/\/wk3.com.br\/blog\/wp-content\/uploads\/2013\/06\/images.jpg\" alt=\"\" width=\"306\" height=\"165\" srcset=\"https:\/\/wk3.com.br\/blog\/wp-content\/uploads\/2013\/06\/images.jpg 306w, https:\/\/wk3.com.br\/blog\/wp-content\/uploads\/2013\/06\/images-300x161.jpg 300w\" sizes=\"(max-width: 306px) 100vw, 306px\" \/><\/a>Redes sociais como o Twitter ou o Facebook ampliam o conceito de cidadania, aumentam a democracia e proporcionam maior liberdade de express\u00e3o.<\/p>\n<p>&#8220;Todos temos uma voz, nem que seja ilus\u00f3ria&#8221;, afirma o psic\u00f3logo e tamb\u00e9m docente universit\u00e1rio Miguel Pereira Lopes, para sustentar a ideia de que as redes sociais vieram &#8220;democratizar a comunica\u00e7\u00e3o&#8221;.<!--more--><\/p>\n<p>Enxurradas de tweets, coment\u00e1rios no Facebook, milhares de fotos publicadas no Instagram. Jovens protestando com uma bandeira na m\u00e3o e um celular na outra para n\u00e3o perder nenhum registro: as redes sociais s\u00e3o as outras ruas e pra\u00e7as dos protestos no Brasil.<\/p>\n<p>As redes sociais s\u00e3o o grande canal de comunica\u00e7\u00e3o que se mant\u00e9m com for\u00e7a ap\u00f3s semanas de protestos que surpreenderam o mundo. A frase &#8216;o gigante acordou&#8217; se transformou em um dos lemas que se espalhou rapidamente gra\u00e7as \u00e0 internet. A onda de protestos, que surgiu contra o reajuste no pre\u00e7o do transporte p\u00fablico, derivou em uma reivindica\u00e7\u00e3o generalizada.<\/p>\n<p>Um v\u00eddeo de seis segundos que registrava a passeata de milhares de pessoas no centro do Rio de Janeiro virou hit na internet e se tornou uma das imagens mais divulgadas dos protestos. Foi transmitido pelo Wall Street Journal, pela emissora canadense CNBC e pela brit\u00e2nica BBC.<\/p>\n<p>Este \u00e9 um claro exemplo de como os protestos das \u00faltimas semanas consolidaram a import\u00e2ncia da internet e das redes sociais como ferramentas de comunica\u00e7\u00e3o no pa\u00eds. Muitos recorreram aos servi\u00e7os para se informar, a partir de relatos no Twitter e no Facebook. V\u00eddeos como este simbolizaram os eventos tanto ou mais do que as imagens feitas por redes de televis\u00e3o.<\/p>\n<p>Em S\u00e3o Paulo, durante as horas mais tensas do confronto entre manifestantes e a Tropa de Choque na Rua Augusta, a \u00fanica transmiss\u00e3o ao vivo ficou a cargo do canal online PosTV, com imagens feitas por um iPhone. A exclusividade da cobertura se refletiu nos acessos, que chegaram a 180 mil. O link da transmiss\u00e3o foi compartilhado \u00e0 exaust\u00e3o \u2013 incluindo pelo jornalista Jorge Pontual, da TV Globo, que elogiou a transmiss\u00e3o no Twitter.<\/p>\n<p>Pereira Lopes, que leciona no Instituto Superior de Ci\u00eancias Sociais e Pol\u00edticas (ISCSP) recorda que &#8220;j\u00e1 havia revolu\u00e7\u00f5es antes das redes sociais&#8221;, mas que a ferramenta possui grande poder sobre as massas. Em sua opini\u00e3o, a rapidez, a par do baixo custo, s\u00e3o fatores determinantes no sucesso destas novas formas de comunica\u00e7\u00e3o.<\/p>\n<p>&nbsp;<\/p>\n","protected":false},"excerpt":{"rendered":"<p>Redes sociais como o Twitter ou o Facebook ampliam o conceito de cidadania, aumentam a democracia e proporcionam maior liberdade de express\u00e3o. &#8220;Todos temos uma voz, nem que seja ilus\u00f3ria&#8221;, afirma o psic\u00f3logo e tamb\u00e9m docente universit\u00e1rio Miguel Pereira Lopes, para sustentar a ideia de que as redes sociais vieram &#8220;democratizar a comunica\u00e7\u00e3o&#8221;.<\/p>\n","protected":false},"author":3,"featured_media":0,"comment_status":"closed","ping_status":"closed","sticky":false,"template":"","format":"standard","meta":{"footnotes":""},"categories":[1],"tags":[],"class_list":["post-776","post","type-post","status-publish","format-standard","hentry","category-sem-categoria"],"_links":{"self":[{"href":"https:\/\/wk3.com.br\/blog\/wp-json\/wp\/v2\/posts\/776","targetHints":{"allow":["GET"]}}],"collection":[{"href":"https:\/\/wk3.com.br\/blog\/wp-json\/wp\/v2\/posts"}],"about":[{"href":"https:\/\/wk3.com.br\/blog\/wp-json\/wp\/v2\/types\/post"}],"author":[{"embeddable":true,"href":"https:\/\/wk3.com.br\/blog\/wp-json\/wp\/v2\/users\/3"}],"replies":[{"embeddable":true,"href":"https:\/\/wk3.com.br\/blog\/wp-json\/wp\/v2\/comments?post=776"}],"version-history":[{"count":0,"href":"https:\/\/wk3.com.br\/blog\/wp-json\/wp\/v2\/posts\/776\/revisions"}],"wp:attachment":[{"href":"https:\/\/wk3.com.br\/blog\/wp-json\/wp\/v2\/media?parent=776"}],"wp:term":[{"taxonomy":"category","embeddable":true,"href":"https:\/\/wk3.com.br\/blog\/wp-json\/wp\/v2\/categories?post=776"},{"taxonomy":"post_tag","embeddable":true,"href":"https:\/\/wk3.com.br\/blog\/wp-json\/wp\/v2\/tags?post=776"}],"curies":[{"name":"wp","href":"https:\/\/api.w.org\/{rel}","templated":true}]}}