{"id":554,"date":"2013-03-07T17:18:15","date_gmt":"2013-03-07T20:18:15","guid":{"rendered":"https:\/\/wk3.com.br\/blog\/?p=554"},"modified":"2013-03-07T17:18:15","modified_gmt":"2013-03-07T20:18:15","slug":"facebook-novo-feed","status":"publish","type":"post","link":"https:\/\/wk3.com.br\/blog\/facebook-novo-feed\/","title":{"rendered":"Facebook divulga novo feed de not\u00edcias"},"content":{"rendered":"<p><a href=\"https:\/\/wk3.com.br\/blog\/wp-content\/uploads\/2013\/03\/FBlogo3_435.jpg\"><img fetchpriority=\"high\" decoding=\"async\" class=\"alignleft size-medium wp-image-555\" title=\"FBlogo3_435\" src=\"https:\/\/wk3.com.br\/blog\/wp-content\/uploads\/2013\/03\/FBlogo3_435-300x224.jpg\" alt=\"\" width=\"300\" height=\"224\" srcset=\"https:\/\/wk3.com.br\/blog\/wp-content\/uploads\/2013\/03\/FBlogo3_435-300x224.jpg 300w, https:\/\/wk3.com.br\/blog\/wp-content\/uploads\/2013\/03\/FBlogo3_435.jpg 435w\" sizes=\"(max-width: 300px) 100vw, 300px\" \/><\/a>&#8220;Adeus, desorganiza\u00e7\u00e3o! Ol\u00e1, hist\u00f3rias n\u00edtidas e atraentes.&#8221;<\/p>\n<p>Foi com essa chamada que o Facebook anunciou um novo visual para o seu feed de not\u00edcias, que valoriza as fotos e o conte\u00fado visual publicado na rede social e oferece diferentes abas de filtros. O evento aconteceu na sede da empresa em Menlo Park, na Calif\u00f3rnia.<!--more--><\/p>\n<p>O novo feed apresenta a primeira grande reforma desde o lan\u00e7amento do Facebook Timeline, em dezembro de 2011.<\/p>\n<p>Em janeiro, o pr\u00f3prio Mark Zuckerberg j\u00e1 havia dado pistas de que haveria novidades no feed de not\u00edcias. Ao comentar resultados financeiros da empresa, ele disse: \u201cEm rela\u00e7\u00e3o a novos experimentos com an\u00fancios, quero fazer mais com diferentes tipos de conte\u00fado. \u00c0 medida que o design do nosso fluxo de not\u00edcias evolui para mostrar hist\u00f3rias de conte\u00fado mais rico, isso abre novas oportunidades para oferecer tamb\u00e9m diferentes tipos de an\u00fancios.\u201d<\/p>\n<p>O News Feed possui tr\u00eas componentes principais:<\/p>\n<p><strong>Foco nas imagens:<\/strong> O novo visual \u00e9 um ponto de partida radical do Facebook, pois o foco agora \u00e9 em hist\u00f3rias com apelo visual, as imagens ganham mais \u00eanfase pelo seu tamanho.<\/p>\n<p><strong>Feeds maiores e mais controle:<\/strong> Os usu\u00e1rios agora possuem acesso a mais tipos de feeds e tem controle sobre a forma como eles s\u00e3o exibidos em suas timelines. Eles podem se inscrever em diferentes tipos de feed, seja de amigos, amigos pr\u00f3ximos, fotos, m\u00fasicas e afins.<\/p>\n<p><strong>Consist\u00eancia Mobile:\u00a0<\/strong>Foi adicionado uma nova barra de navega\u00e7\u00e3o lateral e mais espa\u00e7o em branco nos aplicativos do facebook mobile. O Facebook se focou em fazer experi\u00eancia global mais consistente, independentemente da plataforma utilizada.<\/p>\n<p>A partir de hoje, o usu\u00e1rio pode entrar na fila de espera para obter o novo feed atrav\u00e9s do endere\u00e7o facebook.com\/newsfeed<\/p>\n","protected":false},"excerpt":{"rendered":"<p>&#8220;Adeus, desorganiza\u00e7\u00e3o! Ol\u00e1, hist\u00f3rias n\u00edtidas e atraentes.&#8221; Foi com essa chamada que o Facebook anunciou um novo visual para o seu feed de not\u00edcias, que valoriza as fotos e o conte\u00fado visual publicado na rede social e oferece diferentes abas de filtros. O evento aconteceu na sede da empresa em Menlo Park, na Calif\u00f3rnia.<\/p>\n","protected":false},"author":3,"featured_media":0,"comment_status":"closed","ping_status":"closed","sticky":false,"template":"","format":"standard","meta":{"footnotes":""},"categories":[8,9,1],"tags":[],"class_list":["post-554","post","type-post","status-publish","format-standard","hentry","category-artigos-publicidade","category-publicidade-digital","category-sem-categoria"],"_links":{"self":[{"href":"https:\/\/wk3.com.br\/blog\/wp-json\/wp\/v2\/posts\/554","targetHints":{"allow":["GET"]}}],"collection":[{"href":"https:\/\/wk3.com.br\/blog\/wp-json\/wp\/v2\/posts"}],"about":[{"href":"https:\/\/wk3.com.br\/blog\/wp-json\/wp\/v2\/types\/post"}],"author":[{"embeddable":true,"href":"https:\/\/wk3.com.br\/blog\/wp-json\/wp\/v2\/users\/3"}],"replies":[{"embeddable":true,"href":"https:\/\/wk3.com.br\/blog\/wp-json\/wp\/v2\/comments?post=554"}],"version-history":[{"count":0,"href":"https:\/\/wk3.com.br\/blog\/wp-json\/wp\/v2\/posts\/554\/revisions"}],"wp:attachment":[{"href":"https:\/\/wk3.com.br\/blog\/wp-json\/wp\/v2\/media?parent=554"}],"wp:term":[{"taxonomy":"category","embeddable":true,"href":"https:\/\/wk3.com.br\/blog\/wp-json\/wp\/v2\/categories?post=554"},{"taxonomy":"post_tag","embeddable":true,"href":"https:\/\/wk3.com.br\/blog\/wp-json\/wp\/v2\/tags?post=554"}],"curies":[{"name":"wp","href":"https:\/\/api.w.org\/{rel}","templated":true}]}}