{"id":111,"date":"2012-08-23T16:15:26","date_gmt":"2012-08-23T19:15:26","guid":{"rendered":"https:\/\/wk3.com.br\/blog\/?p=111"},"modified":"2012-08-23T16:15:26","modified_gmt":"2012-08-23T19:15:26","slug":"logotipos","status":"publish","type":"post","link":"https:\/\/wk3.com.br\/blog\/logotipos\/","title":{"rendered":"Novos logotipos"},"content":{"rendered":"<p>Depois de 25 anos sem altera\u00e7\u00f5es, a Microsoft anunciou hoje, dia 23, o novo<a title=\"logotipo\" href=\"http:\/\/www.smartmkt.com.br\/identidade-visual\/criacao-de-logotipo\"> logotipo<\/a> da empresa. A mudan\u00e7a de logotipos reflete as altera\u00e7\u00f5es realizadas nos \u00faltimos anos, al\u00e9m de seus produtos como Windows Phone, o Windows 8, o videogame Xbox e o tablet Surface.<!--more--><\/p>\n<p><a href=\"https:\/\/wk3.com.br\/blog\/wp-content\/uploads\/2012\/08\/mic2.jpg\"><img fetchpriority=\"high\" decoding=\"async\" class=\"alignleft size-medium wp-image-118\" title=\"microsoft\" src=\"https:\/\/wk3.com.br\/blog\/wp-content\/uploads\/2012\/08\/mic2-300x187.jpg\" alt=\"\" width=\"300\" height=\"187\" srcset=\"https:\/\/wk3.com.br\/blog\/wp-content\/uploads\/2012\/08\/mic2-300x187.jpg 300w, https:\/\/wk3.com.br\/blog\/wp-content\/uploads\/2012\/08\/mic2.jpg 652w\" sizes=\"(max-width: 300px) 100vw, 300px\" \/><\/a>As cores permanecem verde, amarelo, laranja e azul, a fonte passou a ser Segoe, que j\u00e1 era impressa nas cria\u00e7\u00f5es da empresa e nos planos de marketing. O s\u00edmbolo \u00e9 um quadrado dividido em quatro partes com as cores de costume, representando a diversidade de produtos da companhia.<\/p>\n<p><a title=\"identidade visual\" href=\"http:\/\/www.smartmkt.com.br\/identidade-visual\/criacao-de-logotipo\">Identidade Visual<\/a> \u00e9 um conjunto de elementos gr\u00e1ficos que representa uma empresa, produto ou servi\u00e7o. A homogeneidade e continuidade facilitam a fixa\u00e7\u00e3o de sua marca para seu p\u00fablico, pois sintetizam o nome, marca, ideia, empresa,<a title=\"logotipo\" href=\"http:\/\/www.smartmkt.com.br\/identidade-visual\/criacao-de-logotipo\"> logotipo<\/a>s e demais elementos.<\/p>\n<p>A cria\u00e7\u00e3o ou altera\u00e7\u00e3o de\u00a0<a title=\"logotipo\" href=\"http:\/\/www.smartmkt.com.br\/identidade-visual\/criacao-de-logotipo\">logotipo<\/a>s n\u00e3o \u00e9 um fator isolado, mas faz parte um estruturado processo dentro da identidade visual e deve ser tratado com muita aten\u00e7\u00e3o. \u00c9 importante procurar profissionais experientes para que haja harmonia entre o logotipo, a mensagem que a empresa transmite, seu p\u00fablico alvo, suas cores e seus conceitos.<\/p>\n<p>&nbsp;<\/p>\n","protected":false},"excerpt":{"rendered":"<p>Depois de 25 anos sem altera\u00e7\u00f5es, a Microsoft anunciou hoje, dia 23, o novo logotipo da empresa. A mudan\u00e7a de logotipos reflete as altera\u00e7\u00f5es realizadas nos \u00faltimos anos, al\u00e9m de seus produtos como Windows Phone, o Windows 8, o videogame Xbox e o tablet Surface.<\/p>\n","protected":false},"author":3,"featured_media":0,"comment_status":"open","ping_status":"closed","sticky":false,"template":"","format":"standard","meta":{"footnotes":""},"categories":[4,8],"tags":[],"class_list":["post-111","post","type-post","status-publish","format-standard","hentry","category-identidade-visual","category-artigos-publicidade"],"_links":{"self":[{"href":"https:\/\/wk3.com.br\/blog\/wp-json\/wp\/v2\/posts\/111","targetHints":{"allow":["GET"]}}],"collection":[{"href":"https:\/\/wk3.com.br\/blog\/wp-json\/wp\/v2\/posts"}],"about":[{"href":"https:\/\/wk3.com.br\/blog\/wp-json\/wp\/v2\/types\/post"}],"author":[{"embeddable":true,"href":"https:\/\/wk3.com.br\/blog\/wp-json\/wp\/v2\/users\/3"}],"replies":[{"embeddable":true,"href":"https:\/\/wk3.com.br\/blog\/wp-json\/wp\/v2\/comments?post=111"}],"version-history":[{"count":0,"href":"https:\/\/wk3.com.br\/blog\/wp-json\/wp\/v2\/posts\/111\/revisions"}],"wp:attachment":[{"href":"https:\/\/wk3.com.br\/blog\/wp-json\/wp\/v2\/media?parent=111"}],"wp:term":[{"taxonomy":"category","embeddable":true,"href":"https:\/\/wk3.com.br\/blog\/wp-json\/wp\/v2\/categories?post=111"},{"taxonomy":"post_tag","embeddable":true,"href":"https:\/\/wk3.com.br\/blog\/wp-json\/wp\/v2\/tags?post=111"}],"curies":[{"name":"wp","href":"https:\/\/api.w.org\/{rel}","templated":true}]}}