{"id":1073,"date":"2014-01-23T14:06:12","date_gmt":"2014-01-23T17:06:12","guid":{"rendered":"https:\/\/wk3.com.br\/blog\/?p=1073"},"modified":"2014-01-23T14:06:12","modified_gmt":"2014-01-23T17:06:12","slug":"facebook-domina-a-publicidade","status":"publish","type":"post","link":"https:\/\/wk3.com.br\/blog\/facebook-domina-a-publicidade\/","title":{"rendered":"Facebook domina a publicidade!"},"content":{"rendered":"<p><a href=\"https:\/\/wk3.com.br\/blog\/wp-content\/uploads\/2014\/01\/facebook.jpg\"><img fetchpriority=\"high\" decoding=\"async\" class=\"aligncenter size-full wp-image-1074\" title=\"facebook\" src=\"https:\/\/wk3.com.br\/blog\/wp-content\/uploads\/2014\/01\/facebook.jpg\" alt=\"\" width=\"255\" height=\"198\" \/><\/a>A empresa desenvolveu v\u00e1rias ferramentas para os anunciantes que prop\u00f5em seus an\u00fancios na internet e nos aplicativos m\u00f3veis. Com isso, Facebook quer agora postar an\u00fancios em aplica\u00e7\u00f5es m\u00f3veis de terceiros. Atualmente est\u00e3o sendo testados com alguns editores e anunciantes, o Facebook poder\u00e1 em breve ampliar este novo neg\u00f3cio lucrativo.<!--more--><\/p>\n<p>As aplica\u00e7\u00f5es m\u00f3veis est\u00e3o cada vez mais utilizadas. Em 2013, elas aumentaram em 115% . A categoria que foi mais baixada e usada, sem surpresa, \u00e9 a de redes sociais que aumentaram em 203%. O l\u00edder, Facebook, quer aproveitar esse crescimento atrav\u00e9s do desenvolvimento de solu\u00e7\u00f5es para os anunciantes. Resultado, um total de 18,15 bilh\u00f5es de d\u00f3lares, o Facebook centraliza quase 17% da publicidade m\u00f3vel.<\/p>\n<p>A rede social n\u00e3o quer parar por a\u00ed. Na verdade, o Facebook quer ajudar os desenvolvedores, anunciantes e editores de aplicativos a divulgar an\u00fancios publicit\u00e1rios.<\/p>\n<p>Se a sua principal vantagem \u00e9 ter um p\u00fablico muito grande, o Facebook tamb\u00e9m tem desenvolvido ferramentas para an\u00fancios de direcionamento publicit\u00e1rio detalhado e seu ad- exchange, FBX, que atraem os anunciantes. A rede quer expandir sua presen\u00e7a e, ao mesmo tempo, beneficiar os desenvolvedores de aplicativos m\u00f3veis.<br \/>\nAtualmente, Facebook est\u00e1 testando esta nova rede ad com alguns editores e anunciantes, n\u00e3o nomeados. Se a rede social est\u00e1 satisfeita, ela vai se expandir em breve.<\/p>\n","protected":false},"excerpt":{"rendered":"<p>A empresa desenvolveu v\u00e1rias ferramentas para os anunciantes que prop\u00f5em seus an\u00fancios na internet e nos aplicativos m\u00f3veis. Com isso, Facebook quer agora postar an\u00fancios em aplica\u00e7\u00f5es m\u00f3veis de terceiros. Atualmente est\u00e3o sendo testados com alguns editores e anunciantes, o Facebook poder\u00e1 em breve ampliar este novo neg\u00f3cio lucrativo.<\/p>\n","protected":false},"author":3,"featured_media":0,"comment_status":"closed","ping_status":"closed","sticky":false,"template":"","format":"standard","meta":{"footnotes":""},"categories":[1],"tags":[],"class_list":["post-1073","post","type-post","status-publish","format-standard","hentry","category-sem-categoria"],"_links":{"self":[{"href":"https:\/\/wk3.com.br\/blog\/wp-json\/wp\/v2\/posts\/1073","targetHints":{"allow":["GET"]}}],"collection":[{"href":"https:\/\/wk3.com.br\/blog\/wp-json\/wp\/v2\/posts"}],"about":[{"href":"https:\/\/wk3.com.br\/blog\/wp-json\/wp\/v2\/types\/post"}],"author":[{"embeddable":true,"href":"https:\/\/wk3.com.br\/blog\/wp-json\/wp\/v2\/users\/3"}],"replies":[{"embeddable":true,"href":"https:\/\/wk3.com.br\/blog\/wp-json\/wp\/v2\/comments?post=1073"}],"version-history":[{"count":0,"href":"https:\/\/wk3.com.br\/blog\/wp-json\/wp\/v2\/posts\/1073\/revisions"}],"wp:attachment":[{"href":"https:\/\/wk3.com.br\/blog\/wp-json\/wp\/v2\/media?parent=1073"}],"wp:term":[{"taxonomy":"category","embeddable":true,"href":"https:\/\/wk3.com.br\/blog\/wp-json\/wp\/v2\/categories?post=1073"},{"taxonomy":"post_tag","embeddable":true,"href":"https:\/\/wk3.com.br\/blog\/wp-json\/wp\/v2\/tags?post=1073"}],"curies":[{"name":"wp","href":"https:\/\/api.w.org\/{rel}","templated":true}]}}